{"id":6569,"date":"2018-11-28T13:12:26","date_gmt":"2018-11-28T11:12:26","guid":{"rendered":"https:\/\/www.identifire.at\/why-karin-associates-africa-with-employer-branding"},"modified":"2020-03-05T16:41:02","modified_gmt":"2020-03-05T14:41:02","slug":"why-karin-associates-africa-with-employer-branding","status":"publish","type":"post","link":"https:\/\/www.identifire.at\/en\/why-karin-associates-africa-with-employer-branding","title":{"rendered":"Why Karin associates Africa with employer branding"},"content":{"rendered":"<p>My colleague Karin Krobath likes to look over the edge of the continent. After all, the trained geographer is not only a partner of Identit\u00e4ter und wortwelt\u00ae, but also a chairwoman of Light for the World. The combination of all these perspectives: She initiates Learning Journeys to Nairobi in the booming Silicon Savannah.<\/p>\n<p>Silicon Savannah? An Eldorado when it comes to digitization, agility and start-up mentality. Africa without the stamp of the developing country, but a continent with 1.2 billion people who have landed directly <span class=\"orange\"><a href=\"https:\/\/www.identifire.at\/wp-content\/uploads\/2019\/02\/00-Facts-Figures-Silicon-Savannah-2019-EN.pdf\" target=\"_blank\" rel=\"noopener noreferrer\"><u>in the mobile age.<\/u><\/a><\/span><\/p>\n<h3><strong>What does this have to do with employer branding?<\/strong><\/h3>\n<p><span class=\"orange\"><strong>War for (right) Talents<\/strong><\/span><\/p>\n<p>A goal of many employer branding projects: Attract people who can think digitally and communicate analogously. We don&#8217;t have Africa on the radar &#8211; unless we recruit for an NGO.<\/p>\n<p>In her first Learning Journey, Karin saw which source of inspiration Silicon Savannah can be for people from the global North who are tired of innovation: &#8220;We should look at tomorrow&#8217;s talents, enter into cooperations with African universities and incubators and develop exchange programs. The Strathmore Business School in Nairobi cooperates with Harvard, John Hopkins and the Universidad de Navarra &#8211; at WU, Africa is still underrepresented among the <span class=\"orange\"><a href=\"https:\/\/www.wu.ac.at\/en\/students\/study-abroad\/partner-universities\" target=\"_blank\" rel=\"noopener noreferrer\">partner universities:<\/a> <\/span><\/p>\n<p style=\"padding-left: 90px;\"><img loading=\"lazy\" decoding=\"async\" class=\"aligncenter wp-image-5253\" src=\"http:\/\/www.identitaeter.at\/static\/uploads\/2018\/06\/Silicon-Savannah-300x193.png\" alt=\"WU Kooperationen Map\" width=\"400\" height=\"257\" srcset=\"https:\/\/www.identifire.at\/wp-content\/uploads\/2018\/06\/Silicon-Savannah-300x193.png 300w, https:\/\/www.identifire.at\/wp-content\/uploads\/2018\/06\/Silicon-Savannah-280x180.png 280w, https:\/\/www.identifire.at\/wp-content\/uploads\/2018\/06\/Silicon-Savannah.png 631w\" sizes=\"auto, (max-width: 400px) 85vw, 400px\" \/><\/p>\n<p><span class=\"orange\"><strong>Discoverer culture<\/strong><\/span><\/p>\n<p>The more demanded a talent is, the more creative freedom is needed. Our culture of control and regulation often stands in the way. Africans create what we have already forgotten: they innovate as a matter of course. The people in Silicon Savannah are highly educated, socialized in networks and highly motivated to shape their society positively.<\/p>\n<p>When I listen to Karin talking about her favorite continent, I consider following her on the next trip. What about you?<\/p>\n<ul>\n<li><span class=\"orange\"><a href=\"https:\/\/www.identifire.at\/was\/workshops\/lernreise-silicon-savannah\" rel=\"noopener\"><u>Learning Journey &#8211; 23rd to 27th February 2020<\/u><\/a><\/span><\/li>\n<\/ul>\n<p>The <strong>early bird bonus<\/strong> is still valid. Until April 30th the price is only 2.600 Euro instead of 3.400 Euro excl. flight.<\/p>\n<p>Best regards,<\/p>\n<p><span class=\"orange\"><a href=\"https:\/\/www.identifire.at\/ueber-uns\/monika-kriwan\">Monika Kriwan<\/a><\/span><\/p>\n<p><img loading=\"lazy\" decoding=\"async\" class=\"wp-image-3999 alignright\" src=\"http:\/\/www.identitaeter.at\/static\/uploads\/2016\/06\/Moni_Daumen-hoch-300x212.jpg\" alt=\"Moni_Daumen hoch\" width=\"275\" height=\"195\" srcset=\"https:\/\/www.identifire.at\/wp-content\/uploads\/2016\/06\/Moni_Daumen-hoch-300x212.jpg 300w, https:\/\/www.identifire.at\/wp-content\/uploads\/2016\/06\/Moni_Daumen-hoch-264x187.jpg 264w, https:\/\/www.identifire.at\/wp-content\/uploads\/2016\/06\/Moni_Daumen-hoch.jpg 657w\" sizes=\"auto, (max-width: 275px) 85vw, 275px\" \/><\/p>\n","protected":false},"excerpt":{"rendered":"<p>My colleague Karin Krobath likes to look over the edge of the continent. After all, the trained geographer is not only a partner of Identit\u00e4ter und wortwelt\u00ae, but also a chairwoman of Light for the World. The combination of all these perspectives: She initiates Learning Journeys to Nairobi in the booming Silicon Savannah. Silicon Savannah? [&hellip;]<\/p>\n","protected":false},"author":5,"featured_media":6958,"comment_status":"closed","ping_status":"closed","sticky":false,"template":"","format":"standard","meta":{"_acf_changed":false,"footnotes":""},"categories":[1453,1452],"tags":[1482,1483,1476,1478,1479,1480,1477,1481],"class_list":["post-6569","post","type-post","status-publish","format-standard","has-post-thumbnail","hentry","category-inhalte-en","category-unkategorisiert-en","tag-afrika-en","tag-digitalisierung-en","tag-employer-branding-en","tag-innovation-en","tag-learning-journey-en","tag-lernreise-en","tag-silicon-savannah-en","tag-trend-en"],"acf":[],"yoast_head":"<!-- This site is optimized with the Yoast SEO plugin v27.4 - https:\/\/yoast.com\/product\/yoast-seo-wordpress\/ -->\n<title>Why Karin associates Africa with employer branding - Identifire<\/title>\n<meta name=\"robots\" content=\"index, follow, max-snippet:-1, max-image-preview:large, max-video-preview:-1\" \/>\n<link rel=\"canonical\" href=\"https:\/\/www.identifire.at\/en\/why-karin-associates-africa-with-employer-branding\" \/>\n<meta property=\"og:locale\" content=\"en_US\" \/>\n<meta property=\"og:type\" content=\"article\" \/>\n<meta property=\"og:title\" content=\"Why Karin associates Africa with employer branding - Identifire\" \/>\n<meta property=\"og:description\" content=\"My colleague Karin Krobath likes to look over the edge of the continent. After all, the trained geographer is not only a partner of Identit\u00e4ter und wortwelt\u00ae, but also a chairwoman of Light for the World. The combination of all these perspectives: She initiates Learning Journeys to Nairobi in the booming Silicon Savannah. Silicon Savannah? [&hellip;]\" \/>\n<meta property=\"og:url\" content=\"https:\/\/www.identifire.at\/en\/why-karin-associates-africa-with-employer-branding\" \/>\n<meta property=\"og:site_name\" content=\"Identifire\" \/>\n<meta property=\"article:published_time\" content=\"2018-11-28T11:12:26+00:00\" \/>\n<meta property=\"article:modified_time\" content=\"2020-03-05T14:41:02+00:00\" \/>\n<meta property=\"og:image\" content=\"https:\/\/www.identifire.at\/wp-content\/uploads\/2019\/02\/Banner_Website_16x9_2020.jpg\" \/>\n\t<meta property=\"og:image:width\" content=\"720\" \/>\n\t<meta property=\"og:image:height\" content=\"405\" \/>\n\t<meta property=\"og:image:type\" content=\"image\/jpeg\" \/>\n<meta name=\"author\" content=\"Identit\u00e4ter\" \/>\n<meta name=\"twitter:card\" content=\"summary_large_image\" \/>\n<meta name=\"twitter:label1\" content=\"Written by\" \/>\n\t<meta name=\"twitter:data1\" content=\"Identit\u00e4ter\" \/>\n\t<meta name=\"twitter:label2\" content=\"Est. reading time\" \/>\n\t<meta name=\"twitter:data2\" content=\"2 minutes\" \/>\n<script type=\"application\/ld+json\" class=\"yoast-schema-graph\">{\"@context\":\"https:\\\/\\\/schema.org\",\"@graph\":[{\"@type\":\"Article\",\"@id\":\"https:\\\/\\\/www.identifire.at\\\/en\\\/why-karin-associates-africa-with-employer-branding#article\",\"isPartOf\":{\"@id\":\"https:\\\/\\\/www.identifire.at\\\/en\\\/why-karin-associates-africa-with-employer-branding\"},\"author\":{\"name\":\"Identit\u00e4ter\",\"@id\":\"https:\\\/\\\/www.identifire.at\\\/#\\\/schema\\\/person\\\/4ac65114716085382a689822406b48cc\"},\"headline\":\"Why Karin associates Africa with employer branding\",\"datePublished\":\"2018-11-28T11:12:26+00:00\",\"dateModified\":\"2020-03-05T14:41:02+00:00\",\"mainEntityOfPage\":{\"@id\":\"https:\\\/\\\/www.identifire.at\\\/en\\\/why-karin-associates-africa-with-employer-branding\"},\"wordCount\":322,\"image\":{\"@id\":\"https:\\\/\\\/www.identifire.at\\\/en\\\/why-karin-associates-africa-with-employer-branding#primaryimage\"},\"thumbnailUrl\":\"https:\\\/\\\/www.identifire.at\\\/wp-content\\\/uploads\\\/2019\\\/02\\\/Banner_Website_16x9_2020.jpg\",\"keywords\":[\"Afrika\",\"Digitalisierung\",\"Employer Branding\",\"Innovation\",\"Learning Journey\",\"Lernreise\",\"Silicon Savannah\",\"Trend\"],\"articleSection\":[\"Inhalte\",\"Unkategorisiert\"],\"inLanguage\":\"en-US\"},{\"@type\":\"WebPage\",\"@id\":\"https:\\\/\\\/www.identifire.at\\\/en\\\/why-karin-associates-africa-with-employer-branding\",\"url\":\"https:\\\/\\\/www.identifire.at\\\/en\\\/why-karin-associates-africa-with-employer-branding\",\"name\":\"Why Karin associates Africa with employer branding - Identifire\",\"isPartOf\":{\"@id\":\"https:\\\/\\\/www.identifire.at\\\/#website\"},\"primaryImageOfPage\":{\"@id\":\"https:\\\/\\\/www.identifire.at\\\/en\\\/why-karin-associates-africa-with-employer-branding#primaryimage\"},\"image\":{\"@id\":\"https:\\\/\\\/www.identifire.at\\\/en\\\/why-karin-associates-africa-with-employer-branding#primaryimage\"},\"thumbnailUrl\":\"https:\\\/\\\/www.identifire.at\\\/wp-content\\\/uploads\\\/2019\\\/02\\\/Banner_Website_16x9_2020.jpg\",\"datePublished\":\"2018-11-28T11:12:26+00:00\",\"dateModified\":\"2020-03-05T14:41:02+00:00\",\"author\":{\"@id\":\"https:\\\/\\\/www.identifire.at\\\/#\\\/schema\\\/person\\\/4ac65114716085382a689822406b48cc\"},\"breadcrumb\":{\"@id\":\"https:\\\/\\\/www.identifire.at\\\/en\\\/why-karin-associates-africa-with-employer-branding#breadcrumb\"},\"inLanguage\":\"en-US\",\"potentialAction\":[{\"@type\":\"ReadAction\",\"target\":[\"https:\\\/\\\/www.identifire.at\\\/en\\\/why-karin-associates-africa-with-employer-branding\"]}]},{\"@type\":\"ImageObject\",\"inLanguage\":\"en-US\",\"@id\":\"https:\\\/\\\/www.identifire.at\\\/en\\\/why-karin-associates-africa-with-employer-branding#primaryimage\",\"url\":\"https:\\\/\\\/www.identifire.at\\\/wp-content\\\/uploads\\\/2019\\\/02\\\/Banner_Website_16x9_2020.jpg\",\"contentUrl\":\"https:\\\/\\\/www.identifire.at\\\/wp-content\\\/uploads\\\/2019\\\/02\\\/Banner_Website_16x9_2020.jpg\",\"width\":720,\"height\":405,\"caption\":\"Learning Journey Silicon Savannah Nairobi identifire NextAfrica\"},{\"@type\":\"BreadcrumbList\",\"@id\":\"https:\\\/\\\/www.identifire.at\\\/en\\\/why-karin-associates-africa-with-employer-branding#breadcrumb\",\"itemListElement\":[{\"@type\":\"ListItem\",\"position\":1,\"name\":\"Startseite\",\"item\":\"https:\\\/\\\/www.identifire.at\\\/en\"},{\"@type\":\"ListItem\",\"position\":2,\"name\":\"Why Karin associates Africa with employer branding\"}]},{\"@type\":\"WebSite\",\"@id\":\"https:\\\/\\\/www.identifire.at\\\/#website\",\"url\":\"https:\\\/\\\/www.identifire.at\\\/\",\"name\":\"Identifire\",\"description\":\"\u00d6sterreichs 1. Employer Branding Agentur. In 15 Jahren konnten wir bereits \u00fcber 300 Kunden dabei unterst\u00fctzen, ihre Corporate Culture nachhaltig zu verbessern.\",\"potentialAction\":[{\"@type\":\"SearchAction\",\"target\":{\"@type\":\"EntryPoint\",\"urlTemplate\":\"https:\\\/\\\/www.identifire.at\\\/?s={search_term_string}\"},\"query-input\":{\"@type\":\"PropertyValueSpecification\",\"valueRequired\":true,\"valueName\":\"search_term_string\"}}],\"inLanguage\":\"en-US\"},{\"@type\":\"Person\",\"@id\":\"https:\\\/\\\/www.identifire.at\\\/#\\\/schema\\\/person\\\/4ac65114716085382a689822406b48cc\",\"name\":\"Identit\u00e4ter\",\"url\":\"https:\\\/\\\/www.identifire.at\\\/en\\\/author\\\/kathi\"}]}<\/script>\n<!-- \/ Yoast SEO plugin. -->","yoast_head_json":{"title":"Why Karin associates Africa with employer branding - Identifire","robots":{"index":"index","follow":"follow","max-snippet":"max-snippet:-1","max-image-preview":"max-image-preview:large","max-video-preview":"max-video-preview:-1"},"canonical":"https:\/\/www.identifire.at\/en\/why-karin-associates-africa-with-employer-branding","og_locale":"en_US","og_type":"article","og_title":"Why Karin associates Africa with employer branding - Identifire","og_description":"My colleague Karin Krobath likes to look over the edge of the continent. After all, the trained geographer is not only a partner of Identit\u00e4ter und wortwelt\u00ae, but also a chairwoman of Light for the World. The combination of all these perspectives: She initiates Learning Journeys to Nairobi in the booming Silicon Savannah. Silicon Savannah? [&hellip;]","og_url":"https:\/\/www.identifire.at\/en\/why-karin-associates-africa-with-employer-branding","og_site_name":"Identifire","article_published_time":"2018-11-28T11:12:26+00:00","article_modified_time":"2020-03-05T14:41:02+00:00","og_image":[{"width":720,"height":405,"url":"https:\/\/www.identifire.at\/wp-content\/uploads\/2019\/02\/Banner_Website_16x9_2020.jpg","type":"image\/jpeg"}],"author":"Identit\u00e4ter","twitter_card":"summary_large_image","twitter_misc":{"Written by":"Identit\u00e4ter","Est. reading time":"2 minutes"},"schema":{"@context":"https:\/\/schema.org","@graph":[{"@type":"Article","@id":"https:\/\/www.identifire.at\/en\/why-karin-associates-africa-with-employer-branding#article","isPartOf":{"@id":"https:\/\/www.identifire.at\/en\/why-karin-associates-africa-with-employer-branding"},"author":{"name":"Identit\u00e4ter","@id":"https:\/\/www.identifire.at\/#\/schema\/person\/4ac65114716085382a689822406b48cc"},"headline":"Why Karin associates Africa with employer branding","datePublished":"2018-11-28T11:12:26+00:00","dateModified":"2020-03-05T14:41:02+00:00","mainEntityOfPage":{"@id":"https:\/\/www.identifire.at\/en\/why-karin-associates-africa-with-employer-branding"},"wordCount":322,"image":{"@id":"https:\/\/www.identifire.at\/en\/why-karin-associates-africa-with-employer-branding#primaryimage"},"thumbnailUrl":"https:\/\/www.identifire.at\/wp-content\/uploads\/2019\/02\/Banner_Website_16x9_2020.jpg","keywords":["Afrika","Digitalisierung","Employer Branding","Innovation","Learning Journey","Lernreise","Silicon Savannah","Trend"],"articleSection":["Inhalte","Unkategorisiert"],"inLanguage":"en-US"},{"@type":"WebPage","@id":"https:\/\/www.identifire.at\/en\/why-karin-associates-africa-with-employer-branding","url":"https:\/\/www.identifire.at\/en\/why-karin-associates-africa-with-employer-branding","name":"Why Karin associates Africa with employer branding - Identifire","isPartOf":{"@id":"https:\/\/www.identifire.at\/#website"},"primaryImageOfPage":{"@id":"https:\/\/www.identifire.at\/en\/why-karin-associates-africa-with-employer-branding#primaryimage"},"image":{"@id":"https:\/\/www.identifire.at\/en\/why-karin-associates-africa-with-employer-branding#primaryimage"},"thumbnailUrl":"https:\/\/www.identifire.at\/wp-content\/uploads\/2019\/02\/Banner_Website_16x9_2020.jpg","datePublished":"2018-11-28T11:12:26+00:00","dateModified":"2020-03-05T14:41:02+00:00","author":{"@id":"https:\/\/www.identifire.at\/#\/schema\/person\/4ac65114716085382a689822406b48cc"},"breadcrumb":{"@id":"https:\/\/www.identifire.at\/en\/why-karin-associates-africa-with-employer-branding#breadcrumb"},"inLanguage":"en-US","potentialAction":[{"@type":"ReadAction","target":["https:\/\/www.identifire.at\/en\/why-karin-associates-africa-with-employer-branding"]}]},{"@type":"ImageObject","inLanguage":"en-US","@id":"https:\/\/www.identifire.at\/en\/why-karin-associates-africa-with-employer-branding#primaryimage","url":"https:\/\/www.identifire.at\/wp-content\/uploads\/2019\/02\/Banner_Website_16x9_2020.jpg","contentUrl":"https:\/\/www.identifire.at\/wp-content\/uploads\/2019\/02\/Banner_Website_16x9_2020.jpg","width":720,"height":405,"caption":"Learning Journey Silicon Savannah Nairobi identifire NextAfrica"},{"@type":"BreadcrumbList","@id":"https:\/\/www.identifire.at\/en\/why-karin-associates-africa-with-employer-branding#breadcrumb","itemListElement":[{"@type":"ListItem","position":1,"name":"Startseite","item":"https:\/\/www.identifire.at\/en"},{"@type":"ListItem","position":2,"name":"Why Karin associates Africa with employer branding"}]},{"@type":"WebSite","@id":"https:\/\/www.identifire.at\/#website","url":"https:\/\/www.identifire.at\/","name":"Identifire","description":"\u00d6sterreichs 1. Employer Branding Agentur. In 15 Jahren konnten wir bereits \u00fcber 300 Kunden dabei unterst\u00fctzen, ihre Corporate Culture nachhaltig zu verbessern.","potentialAction":[{"@type":"SearchAction","target":{"@type":"EntryPoint","urlTemplate":"https:\/\/www.identifire.at\/?s={search_term_string}"},"query-input":{"@type":"PropertyValueSpecification","valueRequired":true,"valueName":"search_term_string"}}],"inLanguage":"en-US"},{"@type":"Person","@id":"https:\/\/www.identifire.at\/#\/schema\/person\/4ac65114716085382a689822406b48cc","name":"Identit\u00e4ter","url":"https:\/\/www.identifire.at\/en\/author\/kathi"}]}},"_links":{"self":[{"href":"https:\/\/www.identifire.at\/en\/wp-json\/wp\/v2\/posts\/6569","targetHints":{"allow":["GET"]}}],"collection":[{"href":"https:\/\/www.identifire.at\/en\/wp-json\/wp\/v2\/posts"}],"about":[{"href":"https:\/\/www.identifire.at\/en\/wp-json\/wp\/v2\/types\/post"}],"author":[{"embeddable":true,"href":"https:\/\/www.identifire.at\/en\/wp-json\/wp\/v2\/users\/5"}],"replies":[{"embeddable":true,"href":"https:\/\/www.identifire.at\/en\/wp-json\/wp\/v2\/comments?post=6569"}],"version-history":[{"count":0,"href":"https:\/\/www.identifire.at\/en\/wp-json\/wp\/v2\/posts\/6569\/revisions"}],"wp:featuredmedia":[{"embeddable":true,"href":"https:\/\/www.identifire.at\/en\/wp-json\/wp\/v2\/media\/6958"}],"wp:attachment":[{"href":"https:\/\/www.identifire.at\/en\/wp-json\/wp\/v2\/media?parent=6569"}],"wp:term":[{"taxonomy":"category","embeddable":true,"href":"https:\/\/www.identifire.at\/en\/wp-json\/wp\/v2\/categories?post=6569"},{"taxonomy":"post_tag","embeddable":true,"href":"https:\/\/www.identifire.at\/en\/wp-json\/wp\/v2\/tags?post=6569"}],"curies":[{"name":"wp","href":"https:\/\/api.w.org\/{rel}","templated":true}]}}